[{"@context":"https:\/\/schema.org\/","@type":"Article","@id":"https:\/\/www.6rp.cz\/kdy-si-zvolit-vhodny-termin-pro-zahranicni-stehovani\/#Article","mainEntityOfPage":"https:\/\/www.6rp.cz\/kdy-si-zvolit-vhodny-termin-pro-zahranicni-stehovani\/","headline":"Kdy si zvolit vhodn\u00fd term\u00edn pro zahrani\u010dn\u00ed st\u011bhov\u00e1n\u00ed","name":"Kdy si zvolit vhodn\u00fd term\u00edn pro zahrani\u010dn\u00ed st\u011bhov\u00e1n\u00ed","description":"Uva\u017eujete o st\u011bhov\u00e1n\u00ed do zahrani\u010d\u00ed a dosud nem\u00e1te stanoven\u00fd jeho pevn\u00fd term\u00edn? Jestli\u017ee je va\u0161e st\u011bhov\u00e1n\u00ed prozat\u00edm pouze \u00favahou a m\u00e1te dostatek \u010dasu na rozhodov\u00e1n\u00ed, kdy jej uskute\u010dnit, pak byste mohli zvolit datum, kter\u00e9 je pro v\u00e1s co nejv\u00edce p\u0159ijateln\u00e9. Mohli bychom si tu p\u0159ipomenout n\u011bkter\u00e9 jevy, co by v\u00e1m mohly b\u00fdt v budoucnu n\u00e1pomocn\u00e9. Ro\u010dn\u00ed obdob\u00ed \u2013 st\u011bhov\u00e1n\u00ed do zahrani\u010d\u00ed prob\u00edh\u00e1 v pr\u016fb\u011bhu cel\u00e9ho roku a vy se m\u016f\u017eete rozhodnout p\u0159est\u011bhovat t\u0159eba des\u00e1t\u00e9ho ledna nebo t\u0159ic\u00e1t\u00e9ho \u010dervence. Ov\u0161em pr\u00e1v\u011b&hellip;","datePublished":"2025-09-03","dateModified":"2025-09-03","author":{"@type":"Person","@id":"https:\/\/www.6rp.cz\/author\/#Person","name":"","url":"https:\/\/www.6rp.cz\/author\/","identifier":1,"image":{"@type":"ImageObject","@id":"https:\/\/secure.gravatar.com\/avatar\/da76ffe9456a057fb26f92cd8eb3d2effca853864e9ae2a35290bd1e10b1f7d4?s=96&d=mm&r=g","url":"https:\/\/secure.gravatar.com\/avatar\/da76ffe9456a057fb26f92cd8eb3d2effca853864e9ae2a35290bd1e10b1f7d4?s=96&d=mm&r=g","height":96,"width":96}},"publisher":{"@type":"Organization","name":"6rp.cz","logo":{"@type":"ImageObject","@id":"\/logo.png","url":"\/logo.png","width":600,"height":60}},"image":{"@type":"ImageObject","@id":"https:\/\/www.6rp.cz\/wp-content\/uploads\/package-2366468_640_10_10_10_7.jpg","url":"https:\/\/www.6rp.cz\/wp-content\/uploads\/package-2366468_640_10_10_10_7.jpg","height":0,"width":0},"url":"https:\/\/www.6rp.cz\/kdy-si-zvolit-vhodny-termin-pro-zahranicni-stehovani\/","about":["Business"],"wordCount":450,"articleBody":"       Uva\u017eujete o st\u011bhov\u00e1n\u00ed do zahrani\u010d\u00ed a dosud nem\u00e1te stanoven\u00fd jeho pevn\u00fd term\u00edn? Jestli\u017ee je va\u0161e st\u011bhov\u00e1n\u00ed prozat\u00edm pouze \u00favahou a m\u00e1te dostatek \u010dasu na rozhodov\u00e1n\u00ed, kdy jej uskute\u010dnit, pak byste mohli zvolit datum, kter\u00e9 je pro v\u00e1s co nejv\u00edce p\u0159ijateln\u00e9. Mohli bychom si tu p\u0159ipomenout n\u011bkter\u00e9 jevy, co by v\u00e1m mohly b\u00fdt v budoucnu n\u00e1pomocn\u00e9.Ro\u010dn\u00ed obdob\u00ed \u2013 st\u011bhov\u00e1n\u00ed do zahrani\u010d\u00ed prob\u00edh\u00e1 v pr\u016fb\u011bhu cel\u00e9ho roku a vy se m\u016f\u017eete rozhodnout p\u0159est\u011bhovat t\u0159eba des\u00e1t\u00e9ho ledna nebo t\u0159ic\u00e1t\u00e9ho \u010dervence. Ov\u0161em pr\u00e1v\u011b ro\u010dn\u00ed obdob\u00ed v\u00fdrazn\u011b promlouv\u00e1 do povahy st\u011bhovac\u00ed akce vzhledem k tomu, \u017ee st\u011bhov\u00e1n\u00ed za hranice republiky m\u016f\u017ee b\u00fdt nasm\u011brov\u00e1no nejen na v\u00fdchod a na z\u00e1pad, ale i na sever nebo na jih. Je zkr\u00e1tka velk\u00fd rozd\u00edl st\u011bhovat se do Finska za pol\u00e1rn\u00ed kruh, anebo p\u0159est\u011bhovat rodinn\u00fd d\u016fm do It\u00e1lie. Kup\u0159\u00edkladu pr\u00e1v\u011b v It\u00e1lii \u0161plhaj\u00ed letn\u00ed teploty k hodnot\u011b \u010dty\u0159iceti stup\u0148\u016f Celsia a ve Finsku za pol\u00e1rn\u00edm kruhem je zas v zim\u011b po\u0159\u00e1dn\u00fd mr\u00e1z. Zva\u017ete tedy, zda by nebylo lep\u0161\u00ed st\u011bhov\u00e1n\u00ed do It\u00e1lie p\u0159esunout na \u00fanor a st\u011bhov\u00e1n\u00ed do Finska na \u010derven.Den v t\u00fddnu \u2013 do st\u011bhov\u00e1n\u00ed m\u016f\u017ee promlouvat i den v t\u00fddnu. V pond\u011bl\u00ed a v \u00fater\u00fd mohou b\u00fdt lid\u00e9 rozmrzel\u00ed, vystresovan\u00ed a bez n\u00e1lady, proto\u017ee maj\u00ed p\u0159ed sebou cel\u00fd pracovn\u00ed t\u00fdden, zat\u00edmco ve st\u0159edu u\u017e se pracovn\u00ed t\u00fdden l\u00e1me a ve \u010dtvrtek u\u017e je v\u00edkend v dohledu. St\u011bhov\u00e1n\u00ed o v\u00edkendu \u2013 st\u011bhov\u00e1n\u00ed do zahrani\u010d\u00ed si o v\u00edkendu rad\u011bji rozmyslete, nebo\u0165 na mnoha evropsk\u00fdch d\u00e1lnic\u00edch plat\u00ed z\u00e1kaz vjezdu kamion\u016fm nad 3,5 tuny v n\u011bkter\u00e9 hodiny v p\u00e1tek, v sobotu, v ned\u011bli a o sv\u00e1tc\u00edch. No\u010dn\u00ed akce \u2013 jistou mo\u017enost\u00ed je p\u0159est\u011bhovat se v noci. Jestli\u017ee se se st\u011bhovac\u00ed firmou dohodnete, m\u016f\u017eete rozjet no\u010dn\u00ed st\u011bhov\u00e1n\u00ed t\u0159eba mezi p\u016flnoc\u00ed a sedmou hodinou rann\u00ed. Mus\u00edte v\u0161ak pamatovat na v\u00e1\u0161 zdravotn\u00ed stav, aby v\u00e1m to nep\u0159ineslo v\u00edce probl\u00e9m\u016f ne\u017e u\u017eitku. St\u011bhov\u00e1n\u00ed v noci p\u0159ijde vhod nap\u0159\u00edklad v letn\u00edm obdob\u00ed, kdy panuj\u00ed tropick\u00e1 vedra, a kdy jsou no\u010dn\u00ed teploty pro st\u011bhov\u00e1n\u00ed naopak ide\u00e1ln\u00ed.                                                                                                                                                                                                                                                                                                                                                                                          3.6\/5 - (5 votes)        "},{"@context":"https:\/\/schema.org\/","@type":"BreadcrumbList","itemListElement":[{"@type":"ListItem","position":1,"name":"Kdy si zvolit vhodn\u00fd term\u00edn pro zahrani\u010dn\u00ed st\u011bhov\u00e1n\u00ed","item":"https:\/\/www.6rp.cz\/kdy-si-zvolit-vhodny-termin-pro-zahranicni-stehovani\/#breadcrumbitem"}]}]