[{"@context":"https:\/\/schema.org\/","@type":"Article","@id":"https:\/\/www.6rp.cz\/i-vy-muzete-mit-bazen\/#Article","mainEntityOfPage":"https:\/\/www.6rp.cz\/i-vy-muzete-mit-bazen\/","headline":"I vy m\u016f\u017eete m\u00edt baz\u00e9n","name":"I vy m\u016f\u017eete m\u00edt baz\u00e9n","description":"Moment\u00e1ln\u011b se sice v na\u0161\u00ed zemi \u0159e\u0161\u00ed sp\u00ed\u0161e to, zda si budeme m\u00edt v nadch\u00e1zej\u00edc\u00ed zim\u011b \u010d\u00edm zatopit a zda nebudeme volit mezi zmrznut\u00edm a zruinov\u00e1n\u00edm se, ale stejn\u011b jako je\u0161t\u011b docela ned\u00e1vno p\u0159ijde i p\u0159\u00ed\u0161t\u00ed rok zase l\u00e9to. A spolu s p\u0159\u00edchodem tohoto se u n\u00e1s otepl\u00ed, a to nejednou dokonce v\u00edce, ne\u017e je to pro n\u00e1s lidi \u00fanosn\u00e9. A my tak d\u0159\u00edve \u010di pozd\u011bji budeme \u0159e\u0161it pro zm\u011bnu to, kde se ochladit, abychom se neupekli za\u017eiva. A co&hellip;","datePublished":"2022-08-23","dateModified":"2023-05-05","author":{"@type":"Person","@id":"https:\/\/www.6rp.cz\/author\/#Person","name":"","url":"https:\/\/www.6rp.cz\/author\/","identifier":1,"image":{"@type":"ImageObject","@id":"https:\/\/secure.gravatar.com\/avatar\/da76ffe9456a057fb26f92cd8eb3d2effca853864e9ae2a35290bd1e10b1f7d4?s=96&d=mm&r=g","url":"https:\/\/secure.gravatar.com\/avatar\/da76ffe9456a057fb26f92cd8eb3d2effca853864e9ae2a35290bd1e10b1f7d4?s=96&d=mm&r=g","height":96,"width":96}},"publisher":{"@type":"Organization","name":"6rp.cz","logo":{"@type":"ImageObject","@id":"\/logo.png","url":"\/logo.png","width":600,"height":60}},"image":{"@type":"ImageObject","@id":"https:\/\/www.6rp.cz\/wp-content\/uploads\/kluk%20u%20baz%C3%A9nu.jpg","url":"https:\/\/www.6rp.cz\/wp-content\/uploads\/kluk%20u%20baz%C3%A9nu.jpg","height":0,"width":0},"url":"https:\/\/www.6rp.cz\/i-vy-muzete-mit-bazen\/","about":["Produkty"],"wordCount":470,"articleBody":"         Moment\u00e1ln\u011b se sice v na\u0161\u00ed zemi \u0159e\u0161\u00ed sp\u00ed\u0161e to, zda si budeme m\u00edt v nadch\u00e1zej\u00edc\u00ed zim\u011b \u010d\u00edm zatopit a zda nebudeme volit mezi zmrznut\u00edm a zruinov\u00e1n\u00edm se, ale stejn\u011b jako je\u0161t\u011b docela ned\u00e1vno p\u0159ijde i p\u0159\u00ed\u0161t\u00ed rok zase l\u00e9to. A spolu s p\u0159\u00edchodem tohoto se u n\u00e1s otepl\u00ed, a to nejednou dokonce v\u00edce, ne\u017e je to pro n\u00e1s lidi \u00fanosn\u00e9. A my tak d\u0159\u00edve \u010di pozd\u011bji budeme \u0159e\u0161it pro zm\u011bnu to, kde se ochladit, abychom se neupekli za\u017eiva. A co kdekoho z n\u00e1s napadne, kdy\u017e se uva\u017euje o tom, jak se v l\u00e9t\u011b zchladit? P\u0159ece baz\u00e9n. I kdyby bylo venku nev\u00edm jak horko, i kdyby bylo doma p\u0159\u00edmo k zalknut\u00ed a v pr\u00e1ci se z n\u00e1s doslova \u0159inul pot, sta\u010d\u00ed m\u00edt k dispozici baz\u00e9n, hupnout do n\u011bj a hned je n\u00e1m zase dob\u0159e.  Jen\u017ee mnoz\u00ed z n\u00e1s doposud baz\u00e9n nemaj\u00ed. A pokud je to proto, \u017ee si ho nemaj\u00ed kam um\u00edstit, ned\u00e1 se s t\u00edm nic d\u011blat. Ale pokud n\u011bkdo z n\u00e1s prostor pro n\u011bco takov\u00e9ho m\u00e1, m\u011bl by se zamyslet nad t\u00edm, zda by nebylo p\u0159ece jenom \u017e\u00e1douc\u00ed si takov\u00fd vlastn\u00ed baz\u00e9n po\u0159\u00eddit. Proto\u017ee u n\u011b\u010deho jako baz\u00e9n do zem\u011b cena ur\u010dit\u011b neodrazuje, ta je tu p\u0159\u00edzniv\u00e1, a kdo by se tedy za letn\u00edch veder zbyte\u010dn\u011b tr\u00e1pil, kdy\u017e lze koup\u00ed baz\u00e9nu a jeho instalac\u00ed nal\u00e9zt tak \u017e\u00e1douc\u00ed \u00falevu v dob\u00e1ch, https:\/\/obchod.portal.cz\/psychologie\/neztratte-motivaci-v-dobe-blahobytu\/  kdy se kv\u016fli hork\u016fm nec\u00edt\u00edme ani trochu dob\u0159e?  Dnes u\u017e zkr\u00e1tka nen\u00ed probl\u00e9m m\u00edt baz\u00e9n. V\u0161ichni si ho m\u016f\u017eeme po\u0159\u00eddit, a nav\u00edc si m\u016f\u017eeme vyb\u00edrat, zda n\u00e1m vyhovuje v\u00edce takov\u00fd \u010di onak\u00fd. M\u016f\u017eeme m\u00edt jak baz\u00e9n mal\u00fd, tak i velk\u00fd, a co se t\u00fdk\u00e1 tvaru, nen\u00ed nedostupn\u00fd ani ten obd\u00e9ln\u00edkov\u00fd, ani kulat\u00fd, zaoblen\u00fd \u010di ov\u00e1ln\u00fd. A pochopiteln\u011b si nemus\u00edme po\u0159\u00eddit jen onu vodn\u00ed n\u00e1dr\u017e samotnou, m\u016f\u017eeme ji m\u00edt i s kompletn\u00edm a skute\u010dn\u011b rozmanit\u00fdm p\u0159\u00edslu\u0161enstv\u00edm. Ale rozhodn\u011b bychom nem\u011bli v\u00fdb\u011br sv\u00e9ho baz\u00e9nu podce\u0148ovat. V\u017edy by m\u011blo j\u00edt p\u0159edev\u0161\u00edm o kvalitu, o n\u011bco, co nepozbude svou dokonalost ji\u017e z\u00e1hy. A m\u011bli bychom si tak po\u0159izovat baz\u00e9ny nejvy\u0161\u0161\u00ed jakosti s UV filtrem, kter\u00e9 garantuj\u00ed dlouhou \u017eivotnost. A kter\u00e9 tu budou mo\u017en\u00e1 je\u0161t\u011b i tehdy, a\u017e my u\u017e nebudeme.                                                                                                                                                                                                                                                                                                                                                                                          4.2\/5 - (12 votes)        "},{"@context":"https:\/\/schema.org\/","@type":"BreadcrumbList","itemListElement":[{"@type":"ListItem","position":1,"name":"I vy m\u016f\u017eete m\u00edt baz\u00e9n","item":"https:\/\/www.6rp.cz\/i-vy-muzete-mit-bazen\/#breadcrumbitem"}]}]